{"id":6338,"date":"2021-09-13T12:16:14","date_gmt":"2021-09-13T10:16:14","guid":{"rendered":"https:\/\/www.csfls.cloud\/res\/?p=6338"},"modified":"2022-01-07T12:12:17","modified_gmt":"2022-01-07T11:12:17","slug":"csfls-unamarinadilibri-2021","status":"publish","type":"post","link":"https:\/\/www.csfls.it\/res\/notizie\/eventi\/csfls-unamarinadilibri-2021\/","title":{"rendered":"CSFLS A \u201cUNA MARINA DI LIBRI\u201d \u2013 2021"},"content":{"rendered":"\n<p>Cari AMICI,<br>anche quest\u2019anno il Centro di studi filologici e linguistici siciliani ha concluso l&#8217;esposizione delle pubblicazioni in occasione della manifestazione \u201cUna marina di libri\u201d, tenutasi dal 16 al 19 settembre 202 presso la Villa Filippina di Palermo (Piazza S. Francesco di Paola, 18) presso lo&nbsp;<strong>stand 62<\/strong>. Un impegno organizzativo opportuno affinch\u00e9 la nostra attivit\u00e0 sia nota a un pubblico pi\u00f9 vasto.<\/p>\n\n\n\n<p>Nell\u2019ambito della manifestazione abbiamo organizzato&nbsp;<strong>un incontro&nbsp;per ricordare Roberto Sottile <\/strong>&#8211; sabato 18 settembre, ore 10.30, Spazio Tramontana<\/p>\n\n\n\n<p><strong>Ricordando Roberto Sottile<\/strong><br>Sono intervenuti: Marina Castiglione, Giuseppe Paternostro, Giovanni Ruffino e Francesco Scaglione<br>Con interventi musicali di Francesco Giunta, a cura di Navarra Editore<br>A poco pi\u00f9 di un mese dalla scomparsa prematura di Roberto Sottile, docente di Linguistica e Didattica dell\u2019Italiano all\u2019Universit\u00e0 degli Studi di Palermo, la famiglia, i colleghi e gli amici hanno ricordato il suo lavoro di studioso e il suo animo appassionato, a partire dall\u2019ultimo libro pubblicato con Navarra Editore, \u201cSuca\u201d.<\/p>\n\n\n\n<p>&#8220;Nel corso della manifestazione saranno rispettate le normative anti Covid-19 vigenti:&#8221; (<em>dal programma della manifestazione assieme ad altri dettagli<\/em>)<\/p>\n\n\n\n<p>Cordiali saluti<\/p>\n\n\n\n<p>Giovanni Ruffino<\/p>\n\n\n\n<div class=\"wp-block-file\"><a href=\"https:\/\/www.csfls.it\/res\/wp-content\/uploads\/2021\/09\/Programma-2021.pdf\" target=\"_blank\" rel=\"noreferrer noopener\">Visualizza Programma<\/a><a href=\"https:\/\/www.csfls.it\/res\/wp-content\/uploads\/2021\/09\/Programma-2021.pdf\" class=\"wp-block-file__button\" download>Download<\/a><\/div>\n\n\n\n<div class=\"wp-block-file\"><a href=\"https:\/\/www.csfls.it\/res\/wp-content\/uploads\/2021\/09\/Mappa-Editori-2021.pdf\" target=\"_blank\" rel=\"noreferrer noopener\">Visualizza Mappa Editori<\/a><a href=\"https:\/\/www.csfls.it\/res\/wp-content\/uploads\/2021\/09\/Mappa-Editori-2021.pdf\" class=\"wp-block-file__button\" download>Download<\/a><\/div>\n\n\n\n<p class=\"has-text-align-center has-large-font-size\"><a href=\"https:\/\/www.csfls.it\/res\/media\/img\/marina-libri-2021\/\" target=\"_blank\" rel=\"noreferrer noopener\"><strong>Contenuti multimediali<\/strong><\/a><\/p>\n\n\n\n<div class=\"wp-block-image\"><figure class=\"aligncenter size-large is-resized\"><img loading=\"lazy\" decoding=\"async\" src=\"https:\/\/www.csfls.it\/res\/wp-content\/uploads\/2021\/09\/img-2.jpg\" alt=\"\" class=\"wp-image-6344\" width=\"284\" height=\"289\" srcset=\"https:\/\/www.csfls.it\/res\/wp-content\/uploads\/2021\/09\/img-2.jpg 495w, https:\/\/www.csfls.it\/res\/wp-content\/uploads\/2021\/09\/img-2-295x300.jpg 295w, https:\/\/www.csfls.it\/res\/wp-content\/uploads\/2021\/09\/img-2-197x200.jpg 197w\" sizes=\"auto, (max-width: 284px) 100vw, 284px\" \/><\/figure><\/div>\n","protected":false},"excerpt":{"rendered":"<p>Cari AMICI,anche quest\u2019anno il Centro di studi filologici e linguistici siciliani ha concluso l&#8217;esposizione delle pubblicazioni in occasione della manifestazione \u201cUna marina di libri\u201d, tenutasi dal 16 al 19 settembre &hellip;<\/p>\n","protected":false},"author":5,"featured_media":6339,"comment_status":"closed","ping_status":"closed","sticky":false,"template":"","format":"standard","meta":{"_acf_changed":false,"footnotes":""},"categories":[47],"tags":[86,27,28],"post_folder":[],"class_list":["post-6338","post","type-post","status-publish","format-standard","has-post-thumbnail","hentry","category-eventi","tag-86","tag-eventi","tag-il-centro"],"acf":[],"yoast_head":"<!-- This site is optimized with the Yoast SEO plugin v28.4 - https:\/\/yoast.com\/product\/yoast-seo-wordpress\/ -->\n<title>CSFLS A \u201cUNA MARINA DI LIBRI\u201d \u2013 2021 - CENTRO DI STUDI FILOLOGICI E LINGUISTICI SICILIANI<\/title>\n<meta name=\"robots\" content=\"index, follow, max-snippet:-1, max-image-preview:large, max-video-preview:-1\" \/>\n<link rel=\"canonical\" href=\"https:\/\/www.csfls.it\/res\/notizie\/eventi\/csfls-unamarinadilibri-2021\/\" \/>\n<meta property=\"og:locale\" content=\"it_IT\" \/>\n<meta property=\"og:type\" content=\"article\" \/>\n<meta property=\"og:title\" content=\"CSFLS A \u201cUNA MARINA DI LIBRI\u201d \u2013 2021 - CENTRO DI STUDI FILOLOGICI E LINGUISTICI SICILIANI\" \/>\n<meta property=\"og:description\" content=\"Cari AMICI,anche quest\u2019anno il Centro di studi filologici e linguistici siciliani ha concluso l&#8217;esposizione delle pubblicazioni in occasione della manifestazione \u201cUna marina di libri\u201d, tenutasi dal 16 al 19 settembre &hellip;\" \/>\n<meta property=\"og:url\" content=\"https:\/\/www.csfls.it\/res\/notizie\/eventi\/csfls-unamarinadilibri-2021\/\" \/>\n<meta property=\"og:site_name\" content=\"CENTRO DI STUDI FILOLOGICI E LINGUISTICI SICILIANI\" \/>\n<meta property=\"article:published_time\" content=\"2021-09-13T10:16:14+00:00\" \/>\n<meta property=\"article:modified_time\" content=\"2022-01-07T11:12:17+00:00\" \/>\n<meta property=\"og:image\" content=\"https:\/\/www.csfls.it\/res\/wp-content\/uploads\/2021\/09\/img-1.jpg\" \/>\n\t<meta property=\"og:image:width\" content=\"495\" \/>\n\t<meta property=\"og:image:height\" content=\"503\" \/>\n\t<meta property=\"og:image:type\" content=\"image\/jpeg\" \/>\n<meta name=\"author\" content=\"csfls-sito\" \/>\n<meta name=\"twitter:card\" content=\"summary_large_image\" \/>\n<meta name=\"twitter:label1\" content=\"Scritto da\" \/>\n\t<meta name=\"twitter:data1\" content=\"csfls-sito\" \/>\n\t<meta name=\"twitter:label2\" content=\"Tempo di lettura stimato\" \/>\n\t<meta name=\"twitter:data2\" content=\"2 minuti\" \/>\n<script type=\"application\/ld+json\" class=\"yoast-schema-graph\">{\"@context\":\"https:\\\/\\\/schema.org\",\"@graph\":[{\"@type\":\"Article\",\"@id\":\"https:\\\/\\\/www.csfls.it\\\/res\\\/notizie\\\/eventi\\\/csfls-unamarinadilibri-2021\\\/#article\",\"isPartOf\":{\"@id\":\"https:\\\/\\\/www.csfls.it\\\/res\\\/notizie\\\/eventi\\\/csfls-unamarinadilibri-2021\\\/\"},\"author\":{\"name\":\"csfls-sito\",\"@id\":\"https:\\\/\\\/www.csfls.it\\\/res\\\/#\\\/schema\\\/person\\\/2ae726e36383deda6cdd56da992662d4\"},\"headline\":\"CSFLS A \u201cUNA MARINA DI LIBRI\u201d \u2013 2021\",\"datePublished\":\"2021-09-13T10:16:14+00:00\",\"dateModified\":\"2022-01-07T11:12:17+00:00\",\"mainEntityOfPage\":{\"@id\":\"https:\\\/\\\/www.csfls.it\\\/res\\\/notizie\\\/eventi\\\/csfls-unamarinadilibri-2021\\\/\"},\"wordCount\":196,\"publisher\":{\"@id\":\"https:\\\/\\\/www.csfls.it\\\/res\\\/#organization\"},\"image\":{\"@id\":\"https:\\\/\\\/www.csfls.it\\\/res\\\/notizie\\\/eventi\\\/csfls-unamarinadilibri-2021\\\/#primaryimage\"},\"thumbnailUrl\":\"https:\\\/\\\/www.csfls.it\\\/res\\\/wp-content\\\/uploads\\\/2021\\\/09\\\/img-1.jpg\",\"keywords\":[\"2021\",\"eventi\",\"il centro\"],\"articleSection\":[\"EVENTI\"],\"inLanguage\":\"it-IT\"},{\"@type\":\"WebPage\",\"@id\":\"https:\\\/\\\/www.csfls.it\\\/res\\\/notizie\\\/eventi\\\/csfls-unamarinadilibri-2021\\\/\",\"url\":\"https:\\\/\\\/www.csfls.it\\\/res\\\/notizie\\\/eventi\\\/csfls-unamarinadilibri-2021\\\/\",\"name\":\"CSFLS A \u201cUNA MARINA DI LIBRI\u201d \u2013 2021 - CENTRO DI STUDI FILOLOGICI E LINGUISTICI SICILIANI\",\"isPartOf\":{\"@id\":\"https:\\\/\\\/www.csfls.it\\\/res\\\/#website\"},\"primaryImageOfPage\":{\"@id\":\"https:\\\/\\\/www.csfls.it\\\/res\\\/notizie\\\/eventi\\\/csfls-unamarinadilibri-2021\\\/#primaryimage\"},\"image\":{\"@id\":\"https:\\\/\\\/www.csfls.it\\\/res\\\/notizie\\\/eventi\\\/csfls-unamarinadilibri-2021\\\/#primaryimage\"},\"thumbnailUrl\":\"https:\\\/\\\/www.csfls.it\\\/res\\\/wp-content\\\/uploads\\\/2021\\\/09\\\/img-1.jpg\",\"datePublished\":\"2021-09-13T10:16:14+00:00\",\"dateModified\":\"2022-01-07T11:12:17+00:00\",\"breadcrumb\":{\"@id\":\"https:\\\/\\\/www.csfls.it\\\/res\\\/notizie\\\/eventi\\\/csfls-unamarinadilibri-2021\\\/#breadcrumb\"},\"inLanguage\":\"it-IT\",\"potentialAction\":[{\"@type\":\"ReadAction\",\"target\":[\"https:\\\/\\\/www.csfls.it\\\/res\\\/notizie\\\/eventi\\\/csfls-unamarinadilibri-2021\\\/\"]}]},{\"@type\":\"ImageObject\",\"inLanguage\":\"it-IT\",\"@id\":\"https:\\\/\\\/www.csfls.it\\\/res\\\/notizie\\\/eventi\\\/csfls-unamarinadilibri-2021\\\/#primaryimage\",\"url\":\"https:\\\/\\\/www.csfls.it\\\/res\\\/wp-content\\\/uploads\\\/2021\\\/09\\\/img-1.jpg\",\"contentUrl\":\"https:\\\/\\\/www.csfls.it\\\/res\\\/wp-content\\\/uploads\\\/2021\\\/09\\\/img-1.jpg\",\"width\":495,\"height\":503},{\"@type\":\"BreadcrumbList\",\"@id\":\"https:\\\/\\\/www.csfls.it\\\/res\\\/notizie\\\/eventi\\\/csfls-unamarinadilibri-2021\\\/#breadcrumb\",\"itemListElement\":[{\"@type\":\"ListItem\",\"position\":1,\"name\":\"Home\",\"item\":\"https:\\\/\\\/www.csfls.it\\\/res\\\/\"},{\"@type\":\"ListItem\",\"position\":2,\"name\":\"CSFLS A \u201cUNA MARINA DI LIBRI\u201d \u2013 2021\"}]},{\"@type\":\"WebSite\",\"@id\":\"https:\\\/\\\/www.csfls.it\\\/res\\\/#website\",\"url\":\"https:\\\/\\\/www.csfls.it\\\/res\\\/\",\"name\":\"CENTRO DI STUDI FILOLOGICI E LINGUISTICI SICILIANI\",\"description\":\"\",\"publisher\":{\"@id\":\"https:\\\/\\\/www.csfls.it\\\/res\\\/#organization\"},\"potentialAction\":[{\"@type\":\"SearchAction\",\"target\":{\"@type\":\"EntryPoint\",\"urlTemplate\":\"https:\\\/\\\/www.csfls.it\\\/res\\\/?s={search_term_string}\"},\"query-input\":{\"@type\":\"PropertyValueSpecification\",\"valueRequired\":true,\"valueName\":\"search_term_string\"}}],\"inLanguage\":\"it-IT\"},{\"@type\":\"Organization\",\"@id\":\"https:\\\/\\\/www.csfls.it\\\/res\\\/#organization\",\"name\":\"Centro di Studi Filologici e Linguistici Siciliani\",\"url\":\"https:\\\/\\\/www.csfls.it\\\/res\\\/\",\"logo\":{\"@type\":\"ImageObject\",\"inLanguage\":\"it-IT\",\"@id\":\"https:\\\/\\\/www.csfls.it\\\/res\\\/#\\\/schema\\\/logo\\\/image\\\/\",\"url\":\"https:\\\/\\\/www.csfls.it\\\/res\\\/wp-content\\\/uploads\\\/2018\\\/02\\\/LOGO_CSFLS_aquila-color.png\",\"contentUrl\":\"https:\\\/\\\/www.csfls.it\\\/res\\\/wp-content\\\/uploads\\\/2018\\\/02\\\/LOGO_CSFLS_aquila-color.png\",\"width\":1034,\"height\":1034,\"caption\":\"Centro di Studi Filologici e Linguistici Siciliani\"},\"image\":{\"@id\":\"https:\\\/\\\/www.csfls.it\\\/res\\\/#\\\/schema\\\/logo\\\/image\\\/\"}},{\"@type\":\"Person\",\"@id\":\"https:\\\/\\\/www.csfls.it\\\/res\\\/#\\\/schema\\\/person\\\/2ae726e36383deda6cdd56da992662d4\",\"name\":\"csfls-sito\",\"image\":{\"@type\":\"ImageObject\",\"inLanguage\":\"it-IT\",\"@id\":\"https:\\\/\\\/secure.gravatar.com\\\/avatar\\\/94a375f721f3e2c4652e2debf9ba1ac3ac7b0dbaa28afde8aaa5ae3a04dfabe1?s=96&d=mm&r=g\",\"url\":\"https:\\\/\\\/secure.gravatar.com\\\/avatar\\\/94a375f721f3e2c4652e2debf9ba1ac3ac7b0dbaa28afde8aaa5ae3a04dfabe1?s=96&d=mm&r=g\",\"contentUrl\":\"https:\\\/\\\/secure.gravatar.com\\\/avatar\\\/94a375f721f3e2c4652e2debf9ba1ac3ac7b0dbaa28afde8aaa5ae3a04dfabe1?s=96&d=mm&r=g\",\"caption\":\"csfls-sito\"},\"url\":\"https:\\\/\\\/www.csfls.it\\\/res\\\/author\\\/csfls-sito\\\/\"}]}<\/script>\n<!-- \/ Yoast SEO plugin. -->","yoast_head_json":{"title":"CSFLS A \u201cUNA MARINA DI LIBRI\u201d \u2013 2021 - CENTRO DI STUDI FILOLOGICI E LINGUISTICI SICILIANI","robots":{"index":"index","follow":"follow","max-snippet":"max-snippet:-1","max-image-preview":"max-image-preview:large","max-video-preview":"max-video-preview:-1"},"canonical":"https:\/\/www.csfls.it\/res\/notizie\/eventi\/csfls-unamarinadilibri-2021\/","og_locale":"it_IT","og_type":"article","og_title":"CSFLS A \u201cUNA MARINA DI LIBRI\u201d \u2013 2021 - CENTRO DI STUDI FILOLOGICI E LINGUISTICI SICILIANI","og_description":"Cari AMICI,anche quest\u2019anno il Centro di studi filologici e linguistici siciliani ha concluso l&#8217;esposizione delle pubblicazioni in occasione della manifestazione \u201cUna marina di libri\u201d, tenutasi dal 16 al 19 settembre &hellip;","og_url":"https:\/\/www.csfls.it\/res\/notizie\/eventi\/csfls-unamarinadilibri-2021\/","og_site_name":"CENTRO DI STUDI FILOLOGICI E LINGUISTICI SICILIANI","article_published_time":"2021-09-13T10:16:14+00:00","article_modified_time":"2022-01-07T11:12:17+00:00","og_image":[{"width":495,"height":503,"url":"https:\/\/www.csfls.it\/res\/wp-content\/uploads\/2021\/09\/img-1.jpg","type":"image\/jpeg"}],"author":"csfls-sito","twitter_card":"summary_large_image","twitter_misc":{"Scritto da":"csfls-sito","Tempo di lettura stimato":"2 minuti"},"schema":{"@context":"https:\/\/schema.org","@graph":[{"@type":"Article","@id":"https:\/\/www.csfls.it\/res\/notizie\/eventi\/csfls-unamarinadilibri-2021\/#article","isPartOf":{"@id":"https:\/\/www.csfls.it\/res\/notizie\/eventi\/csfls-unamarinadilibri-2021\/"},"author":{"name":"csfls-sito","@id":"https:\/\/www.csfls.it\/res\/#\/schema\/person\/2ae726e36383deda6cdd56da992662d4"},"headline":"CSFLS A \u201cUNA MARINA DI LIBRI\u201d \u2013 2021","datePublished":"2021-09-13T10:16:14+00:00","dateModified":"2022-01-07T11:12:17+00:00","mainEntityOfPage":{"@id":"https:\/\/www.csfls.it\/res\/notizie\/eventi\/csfls-unamarinadilibri-2021\/"},"wordCount":196,"publisher":{"@id":"https:\/\/www.csfls.it\/res\/#organization"},"image":{"@id":"https:\/\/www.csfls.it\/res\/notizie\/eventi\/csfls-unamarinadilibri-2021\/#primaryimage"},"thumbnailUrl":"https:\/\/www.csfls.it\/res\/wp-content\/uploads\/2021\/09\/img-1.jpg","keywords":["2021","eventi","il centro"],"articleSection":["EVENTI"],"inLanguage":"it-IT"},{"@type":"WebPage","@id":"https:\/\/www.csfls.it\/res\/notizie\/eventi\/csfls-unamarinadilibri-2021\/","url":"https:\/\/www.csfls.it\/res\/notizie\/eventi\/csfls-unamarinadilibri-2021\/","name":"CSFLS A \u201cUNA MARINA DI LIBRI\u201d \u2013 2021 - CENTRO DI STUDI FILOLOGICI E LINGUISTICI SICILIANI","isPartOf":{"@id":"https:\/\/www.csfls.it\/res\/#website"},"primaryImageOfPage":{"@id":"https:\/\/www.csfls.it\/res\/notizie\/eventi\/csfls-unamarinadilibri-2021\/#primaryimage"},"image":{"@id":"https:\/\/www.csfls.it\/res\/notizie\/eventi\/csfls-unamarinadilibri-2021\/#primaryimage"},"thumbnailUrl":"https:\/\/www.csfls.it\/res\/wp-content\/uploads\/2021\/09\/img-1.jpg","datePublished":"2021-09-13T10:16:14+00:00","dateModified":"2022-01-07T11:12:17+00:00","breadcrumb":{"@id":"https:\/\/www.csfls.it\/res\/notizie\/eventi\/csfls-unamarinadilibri-2021\/#breadcrumb"},"inLanguage":"it-IT","potentialAction":[{"@type":"ReadAction","target":["https:\/\/www.csfls.it\/res\/notizie\/eventi\/csfls-unamarinadilibri-2021\/"]}]},{"@type":"ImageObject","inLanguage":"it-IT","@id":"https:\/\/www.csfls.it\/res\/notizie\/eventi\/csfls-unamarinadilibri-2021\/#primaryimage","url":"https:\/\/www.csfls.it\/res\/wp-content\/uploads\/2021\/09\/img-1.jpg","contentUrl":"https:\/\/www.csfls.it\/res\/wp-content\/uploads\/2021\/09\/img-1.jpg","width":495,"height":503},{"@type":"BreadcrumbList","@id":"https:\/\/www.csfls.it\/res\/notizie\/eventi\/csfls-unamarinadilibri-2021\/#breadcrumb","itemListElement":[{"@type":"ListItem","position":1,"name":"Home","item":"https:\/\/www.csfls.it\/res\/"},{"@type":"ListItem","position":2,"name":"CSFLS A \u201cUNA MARINA DI LIBRI\u201d \u2013 2021"}]},{"@type":"WebSite","@id":"https:\/\/www.csfls.it\/res\/#website","url":"https:\/\/www.csfls.it\/res\/","name":"CENTRO DI STUDI FILOLOGICI E LINGUISTICI SICILIANI","description":"","publisher":{"@id":"https:\/\/www.csfls.it\/res\/#organization"},"potentialAction":[{"@type":"SearchAction","target":{"@type":"EntryPoint","urlTemplate":"https:\/\/www.csfls.it\/res\/?s={search_term_string}"},"query-input":{"@type":"PropertyValueSpecification","valueRequired":true,"valueName":"search_term_string"}}],"inLanguage":"it-IT"},{"@type":"Organization","@id":"https:\/\/www.csfls.it\/res\/#organization","name":"Centro di Studi Filologici e Linguistici Siciliani","url":"https:\/\/www.csfls.it\/res\/","logo":{"@type":"ImageObject","inLanguage":"it-IT","@id":"https:\/\/www.csfls.it\/res\/#\/schema\/logo\/image\/","url":"https:\/\/www.csfls.it\/res\/wp-content\/uploads\/2018\/02\/LOGO_CSFLS_aquila-color.png","contentUrl":"https:\/\/www.csfls.it\/res\/wp-content\/uploads\/2018\/02\/LOGO_CSFLS_aquila-color.png","width":1034,"height":1034,"caption":"Centro di Studi Filologici e Linguistici Siciliani"},"image":{"@id":"https:\/\/www.csfls.it\/res\/#\/schema\/logo\/image\/"}},{"@type":"Person","@id":"https:\/\/www.csfls.it\/res\/#\/schema\/person\/2ae726e36383deda6cdd56da992662d4","name":"csfls-sito","image":{"@type":"ImageObject","inLanguage":"it-IT","@id":"https:\/\/secure.gravatar.com\/avatar\/94a375f721f3e2c4652e2debf9ba1ac3ac7b0dbaa28afde8aaa5ae3a04dfabe1?s=96&d=mm&r=g","url":"https:\/\/secure.gravatar.com\/avatar\/94a375f721f3e2c4652e2debf9ba1ac3ac7b0dbaa28afde8aaa5ae3a04dfabe1?s=96&d=mm&r=g","contentUrl":"https:\/\/secure.gravatar.com\/avatar\/94a375f721f3e2c4652e2debf9ba1ac3ac7b0dbaa28afde8aaa5ae3a04dfabe1?s=96&d=mm&r=g","caption":"csfls-sito"},"url":"https:\/\/www.csfls.it\/res\/author\/csfls-sito\/"}]}},"_links":{"self":[{"href":"https:\/\/www.csfls.it\/res\/wp-json\/wp\/v2\/posts\/6338","targetHints":{"allow":["GET"]}}],"collection":[{"href":"https:\/\/www.csfls.it\/res\/wp-json\/wp\/v2\/posts"}],"about":[{"href":"https:\/\/www.csfls.it\/res\/wp-json\/wp\/v2\/types\/post"}],"author":[{"embeddable":true,"href":"https:\/\/www.csfls.it\/res\/wp-json\/wp\/v2\/users\/5"}],"replies":[{"embeddable":true,"href":"https:\/\/www.csfls.it\/res\/wp-json\/wp\/v2\/comments?post=6338"}],"version-history":[{"count":9,"href":"https:\/\/www.csfls.it\/res\/wp-json\/wp\/v2\/posts\/6338\/revisions"}],"predecessor-version":[{"id":7019,"href":"https:\/\/www.csfls.it\/res\/wp-json\/wp\/v2\/posts\/6338\/revisions\/7019"}],"wp:featuredmedia":[{"embeddable":true,"href":"https:\/\/www.csfls.it\/res\/wp-json\/wp\/v2\/media\/6339"}],"wp:attachment":[{"href":"https:\/\/www.csfls.it\/res\/wp-json\/wp\/v2\/media?parent=6338"}],"wp:term":[{"taxonomy":"category","embeddable":true,"href":"https:\/\/www.csfls.it\/res\/wp-json\/wp\/v2\/categories?post=6338"},{"taxonomy":"post_tag","embeddable":true,"href":"https:\/\/www.csfls.it\/res\/wp-json\/wp\/v2\/tags?post=6338"},{"taxonomy":"post_folder","embeddable":true,"href":"https:\/\/www.csfls.it\/res\/wp-json\/wp\/v2\/post_folder?post=6338"}],"curies":[{"name":"wp","href":"https:\/\/api.w.org\/{rel}","templated":true}]}}